{"id":340,"date":"2016-04-02T09:37:26","date_gmt":"2016-04-02T07:37:26","guid":{"rendered":"http:\/\/www.hovawart-vom-wackerbarth.de\/hovawart\/?p=340"},"modified":"2022-04-02T09:54:48","modified_gmt":"2022-04-02T07:54:48","slug":"das-jahr-2016","status":"publish","type":"post","link":"https:\/\/www.hovawart-vom-wackerbarth.de\/hovawart\/index.php\/2016\/04\/02\/das-jahr-2016\/","title":{"rendered":"Das Jahr 2016"},"content":{"rendered":"<p>10. Dezember 2016<\/p>\n<p>Earl-Jasper\u00a0hat am 8. und 9. Dezember 2016 die H\u00fcndin\u00a0Belana vom Jagdhausweiher\u00a0im Zwinger\u00a0&#8222;von der Ganerbenstadt&#8220;\u00a0gedeckt! Wir dr\u00fccken f\u00fcr den\u00a0\u00a0A-Wurf\u00a0\u00a0die Daumen f\u00fcr eine gut verlaufende Tr\u00e4chtigkeit und einen quitschlebendigen Wurf kleiner Hovikinder!!<\/p>\n<p>Pr\u00fcfungserfolge von Earl-Jasper im November 2016<\/p>\n<table class=\"rita-article\">\n<tbody>\n<tr>\n<td>Datum<\/td>\n<td>Verein<\/td>\n<td>Leistungsrichter<\/td>\n<td>Pr\u00fcfung<\/td>\n<td>Ergebnis<\/td>\n<\/tr>\n<tr>\n<td>5. November 2016<\/td>\n<td>BK J\u00fclich<\/td>\n<td>U. Hermann<\/td>\n<td>UPr2<\/td>\n<td>73 P. \/ befr.<\/td>\n<\/tr>\n<tr>\n<td>13. November 2016<\/td>\n<td>BK D\u00fcren<\/td>\n<td>U. Hermann<\/td>\n<td>FH2<\/td>\n<td>98 P. \/ vorz\u00fcglich<\/td>\n<\/tr>\n<tr>\n<td>20. November 2016<\/td>\n<td>BK Wachtberg-Villip<\/td>\n<td>U. Hermann<\/td>\n<td>FH2<\/td>\n<td>97 P. \/ vorz\u00fcglich<\/td>\n<\/tr>\n<\/tbody>\n<\/table>\n<p>Pr\u00fcfungserfolge von Emmi und Erick im Oktober 2016<\/p>\n<table class=\"rita-article\">\n<tbody>\n<tr>\n<td><\/td>\n<td>Datum<\/td>\n<td>Verein<\/td>\n<td>Leistungsrichter\/in<\/td>\n<td>Pr\u00fcfung<\/td>\n<td>Ergebnis<\/td>\n<\/tr>\n<tr>\n<td>Erick<\/td>\n<td>29. Oktober 2016<\/td>\n<td>SGSV<\/td>\n<td>R. Haupt<\/td>\n<td>FH2<\/td>\n<td>96 P. \/ vorz\u00fcglich<\/td>\n<\/tr>\n<tr>\n<td>Emmi-Lou<\/td>\n<td>29. Oktober 2016<\/td>\n<td>SGSV<\/td>\n<td>R. Haupt<\/td>\n<td>FH2<\/td>\n<td>97 P. \/ vorz\u00fcglich<\/td>\n<\/tr>\n<tr>\n<td>Erick<\/td>\n<td>22. Oktober 2016<\/td>\n<td>RZV<\/td>\n<td>M. Dossinger<\/td>\n<td>FH2<\/td>\n<td>88 P. \/ gut<\/td>\n<\/tr>\n<\/tbody>\n<\/table>\n<p>18. Oktober 2016<\/p>\n<p>Unser D-Wurf \u00a0wird heute 8 Jahre alt! Ich w\u00fcnsche Euch alles Liebe und Gute, bleibt sch\u00f6n \u00a0gesund! Lasst Euch heute besonders verw\u00f6hnen und genie\u00dft noch viele gl\u00fcckliche Jahre in Euren Familien!!!!<\/p>\n<p><img loading=\"lazy\" decoding=\"async\" class=\"rita-lightbox\" src=\"http:\/\/www.hovawart-vom-wackerbarth.de\/images\/kleeblatt_0030-8.gif\" alt=\"\" width=\"56\" height=\"60\" \/>\u00a0<img loading=\"lazy\" decoding=\"async\" class=\"rita-lightbox\" src=\"http:\/\/www.hovawart-vom-wackerbarth.de\/images\/kleeblatt_0030-8.gif\" alt=\"\" width=\"56\" height=\"60\" \/>\u00a0<img loading=\"lazy\" decoding=\"async\" class=\"rita-lightbox\" src=\"http:\/\/www.hovawart-vom-wackerbarth.de\/images\/kleeblatt_0030-8.gif\" alt=\"\" width=\"56\" height=\"60\" \/><\/p>\n<p>______________________________<\/p>\n<p>3. Oktober 2016<\/p>\n<p>Earl-Jasper\u00a0besteht beim SV, OG Heppendorf \u00a0die\u00a0FH2\u00a0mit\u00a085 Punkten!\u00a0(Leistungsrichter: Andreas Sobczyk) Wir gratulieren!!!<\/p>\n<p>_____________________________<\/p>\n<p>25. September 2016<\/p>\n<p>Emmi\u00a0und\u00a0Erick\u00a0starten beim SV, OG Radeberg, zur Leistungspr\u00fcfung in der FH2 und erreichen beide sehr gute Ergebnisse!\u00a0Emmi &#8222;erschn\u00fcffelt&#8220;\u00a092 Punkte (sg)\u00a0und Erick&#8217;s Suchleistung wird vom Leistungsrichter (J. Beyer) mit\u00a095 Punkten (sg)\u00a0bewertet!<\/p>\n<p>_____________________________<\/p>\n<p>24. September 2016<\/p>\n<p>Earl-Jasper&#8217;s\u00a0Nachwuchs ist geboren! In der Wurfkiste von Laska vom B\u00fcssemfeld wuseln 7 kleine Hovikinder \u00a0(1 H\u00fcndin blond, 1 H\u00fcndin schwarz, 2 H\u00fcndinnen schwarzmarken, 1 R\u00fcde schwarz, 2 R\u00fcden schwarzmarken). Ein sch\u00f6ner Wurf mit allen drei Hovi-Farben! Wir gratulieren den Z\u00fcchtern des Zwingers\u00a0vom Lentholter Haus\u00a0ganz herzlich und w\u00fcnschen eine gesunde Aufzucht der kleinen Racker, sowie beste Gesundheit f\u00fcr Mama Laska!<\/p>\n<p>_____________________________<\/p>\n<p>10. September 2016<\/p>\n<p>Erick\u00a0besteht in L\u00fcbben am 10.09.2016 die Zuchttauglichkeitspr\u00fcfung !!<br \/>\n(Richter: B. Wuchert und M. Kunze)<\/p>\n<p>____________________________<\/p>\n<p>20.\/21. August 2016<\/p>\n<p>Emmi-Lou\u00a0wurde bei der Internationalen Ausstellung am Samstag mit\u00a0V1\u00a0in der Championklasse (3 Champions im Ring \/ Richterin: Frau Sabine Jacobs) bewertet und bei der German Winner Show am Sonntag erreichte sie ebenfalls \u00a0ein tolles\u00a0V1\u00a0in der Championklasse (4 Champions im Ring \/ Richterin: Eveline Hohmann)!! Wir sind superstolz auf unser blondes M\u00e4del!!<\/p>\n<p>7. August 2016<\/p>\n<p>Earl-Jasper\u00a0hat heute beim SV \/ OG Bonn-Duisdorf ( LeistungsrichterV. Vortkamp) die\u00a0FH2 mit 87 (g) Punkten\u00a0absolviert! Dazu unsere herzlichsten Gl\u00fcckw\u00fcnsche!!<\/p>\n<p>25. Juli 2016<\/p>\n<p>Heute hat\u00a0Earl-Jasper\u00a0die H\u00fcndin\u00a0Laska vom B\u00fcssemfeld\u00a0im Zwinger &#8222;vom Lentholter Haus&#8220; gedeckt! Wir dr\u00fccken f\u00fcr den\u00a0F-Wuf vom Lentholter Haus\u00a0die Daumen f\u00fcr eine gut verlaufende Tr\u00e4chtigkeit und einen quitschlebendigen Wurf kleiner Hovikinder!!<\/p>\n<p>17. Juli 2016<\/p>\n<p>CAC-Schau in Seifertshain<\/p>\n<p>Christa\u00a0startet mit vier weiteren H\u00fcndinnen (8 Jahre bis 12 Jahre alt) in der Veteranenklasse und wird vom Schaurichter \u00a0auf den\u00a01. Platz\u00a0gesetzt!!! Ich habe mich riesig \u00fcber meine Christa-Maus gefreut!\u00a0Emmi-Lou\u00a0startet in der Championklasse, erh\u00e4lt die Bewertung\u00a0V1,\u00a0wird beim Laufen mit den anderen erstplatzierten H\u00fcndinnen als\u00a0sch\u00f6nste H\u00fcndin\u00a0auserw\u00e4hlt und erreicht im Stechen mit dem sch\u00f6nsten R\u00fcden das\u00a0BOB (Beste der Rasse)! Ich bin total stolz auf meine beiden M\u00e4dchen!!<\/p>\n<p>23. Juni 2016<\/p>\n<p>Christa\u00a0wird heute 11 Jahre alt! Ich w\u00fcnsche Dir, mein liebes M\u00e4dchen noch gaanz gaanz viele sch\u00f6ne Jahre bei uns, bleib weiter so gesund und fit!!<\/p>\n<p>Ich w\u00fcnsche\u00a0den C-Wackerb\u00e4rthchen\u00a0einen supertollen Geburtstag, lasst Euch alle kr\u00e4ftig und ausgiebig von Euren Zweibeinern verw\u00f6hnen und ganz wichtig: Bleibt vorallem gesund!!!<\/p>\n<p><img loading=\"lazy\" decoding=\"async\" class=\"rita-lightbox\" src=\"http:\/\/www.hovawart-vom-wackerbarth.de\/images\/kleeblatt_0030-7.gif\" alt=\"\" width=\"56\" height=\"60\" \/><\/p>\n<p>_________________________________<\/p>\n<p>21. Mai 2016<\/p>\n<p>Earl-Jasper\u00a0hat beim BK, Gruppe Bonn\/Wachberg-Villip am 21.05.2016 die\u00a0FH2 mit vorz\u00fcglichen 98 Punkten\u00a0(Leistungsrichter: Frau N. K\u00f6hnen) bestanden! Unsere herzlichsten Gl\u00fcckw\u00fcnsche!!<\/p>\n<p>_________________________________<\/p>\n<p>14. Mai 2016<\/p>\n<p>Wir haben es nochmal gewagt :-)) und sind am 14.05.2016 beim\u00a0SV, OG Altd\u00f6bern, wieder in der\u00a0FH1\u00a0gestartet. Es war sehr st\u00fcrmisch, die Sonne brannte trotz relativ k\u00fchler Temperaturen hei\u00df und der F\u00e4hrtenacker war staubtrocken, so dass kleine Staubtornados \u00fcber den Feldern ihr &#8222;Unwesen&#8220; trieben &#8230;. wie wird das wohl ausgehen?! \u00a0&#8230;es ging sehr gut aus: Emmi-Lou und Erick zeigten beide sehr gute Leistungen &#8211;\u00a0Erick\u00a0erhielt vom Leitsungsrichter J\u00fcrgen Beyer\u00a095 Punkte (sg)\u00a0und\u00a0Emmi-Lou&#8217;s Arbeit bewertete er mit\u00a092 Punkten!\u00a0Ganz prima!!!\u00a0&#8230;so und nun ist ein bisschen Sommerpause angesagt f\u00fcr meine Zwei &#8230; ;-))<\/p>\n<p>__________________________________<\/p>\n<p>30. April 2016<\/p>\n<p>Heute sind\u00a0Emmi-Lou und Erick\u00a0mit mir beim SGSV, HSV Moritzburg, das erste Mal in der\u00a0FH1\u00a0gestartet &#8211; und beide haben ganz prima gearbeitet!! Die Leistungsrichterin, Frau Jana Riedel, bewertete Emmi&#8217;s Arbeit mit\u00a0100 Punkten (vorz\u00fcglich)\u00a0und Erick zeigte ebenfalls eine prima Suchleistung und erhielt\u00a096 Punkte (vorz\u00fcglich)!!!<\/p>\n<p>&#8230;und ich bin superhappy \u00fcber meine Beiden!! Das habt ihr sooo klasse gemacht!\u00a0<img loading=\"lazy\" decoding=\"async\" class=\"rita-lightbox\" src=\"http:\/\/www.hovawart-vom-wackerbarth.de\/images\/freudi-2.gif\" alt=\"\" width=\"24\" height=\"18\" \/><\/p>\n<p>______________________________________<\/p>\n<p>4. April 2016<\/p>\n<p>&#8230; und heute wurde Jasper&#8217;s Suchleistung in der\u00a0FH2 mit 96 Punkten (vorz\u00fcglich)\u00a0bewertet! Die Pr\u00fcfung fand beim SV K\u00f6ln \/ OG Nippes mit Herrn H. Prellwitz als Leistungsrichter statt. Wir gratulieren Euch von Herzen zu diesem klasse Ergebnis!!!<\/p>\n<p>________________________________<\/p>\n<p>17. April 2016<\/p>\n<p>Earl-Jasper\u00a0und\u00a0Ragna waren wieder flei\u00dfig. Sie erreichten heute ein sehr gutes Pr\u00fcfungsergebnis in der\u00a0FH2 mit 93 Punkten\u00a0beim SV\/OG Bonn-Duisdorf (Richter: H. So\u00dfalla)! Dazu unsere herzlichsten Gl\u00fcckw\u00fcnsche!!!!<\/p>\n<p>_________________________________<\/p>\n<p>28. M\u00e4rz 2016<\/p>\n<p>Jippiiii!\u00a0Earl-Jasper\u00a0hat mit Ragna heute beim SV, OG Br\u00fchl u. Umgebung, die\u00a0IPO1 mit 253 Punkten (gut) bestanden\u00a0(Leistungsrichter: R. B\u00f6hmer)! Wir gratulieren auf das Allerherzlichste und freuen uns mit Euch!!! Super gemacht Ihr Zwei!!<\/p>\n<p>__________________________________________________________<\/p>\n<p><img loading=\"lazy\" decoding=\"async\" class=\"rita-lightbox\" src=\"http:\/\/www.hovawart-vom-wackerbarth.de\/images\/kleeblatt_0030-6.gif\" alt=\"\" width=\"44\" height=\"48\" \/><\/p>\n<p>18.03.2016<\/p>\n<p>Heute vor 3 Jahren wurde unser\u00a0E-Wurf\u00a0geboren!<\/p>\n<p>Wir w\u00fcnschen Euch,\u00a0Elida \/ Earl-Jasper \/ Erwin \/ Erick und Emmi-Lou,\u00a0einen ganz tollen Tag mit gaaanz viel Leckerli und Streicheleinheiten in Euren Familien!!!<\/p>\n<p>Bleibt gesund und fit !!!<\/p>\n<p>HAPPY BIRTHDAY!!!<\/p>\n<p>__________________________________<\/p>\n<p>12.\/13. M\u00e4rz 2016<\/p>\n<p>Am Samstag hat\u00a0Earl-Jasper\u00a0mit Ragna beim BK, Gruppe D\u00fcren die\u00a0FH2 mit 92 Punkten (sg)\u00a0bestanden!<\/p>\n<p>Am Sonntag war Ragna mit ihrem Jasper in\u00a0Belgien zur CACIB\u00a0in Genk, Earl-Jasper startete in der Championklasse und er wurde mit dem Pr\u00e4dikat\u00a0V1, CAC und Res. CACIB\u00a0bewertet!<\/p>\n<p>Ein tolles erfolgreiches Wochenende! Wir gratulieren Euch auf das Herzlichste!!<\/p>\n<p>________________________________<\/p>\n<p>24. Januar 2016 &#8211; CACIB Eindhoven<\/p>\n<p>Ragna hat\u00a0Earl-Jasper\u00a0in Eindhoven zur CACIB ausgestellt und Earl-Jasper \u00a0erh\u00e4lt vom Schaurichter R. Reyniers das\u00a0R-CACIB und das R-CAC! Wir gratulieren ganz herzlich zu diesem sch\u00f6nen Erfolg!<\/p>\n<p>___________________________________<\/p>\n<p>19. Januar 2016<\/p>\n<p>&#8230; wie doch die Zeit vergeht &#8230;<\/p>\n<p>Beluga, Barlex und Borstel (Bonsai) werden heute\u00a013 Jahre alt!<\/p>\n<p>Wir sind sehr gl\u00fccklich und froh, da\u00df ihr noch r\u00fcstig und altersentsprechend fit seid! Wir w\u00fcnschen euch , da\u00df ihr noch eine sch\u00f6ne und beschwerdefreie Zeit in euren Familien verbringen k\u00f6nnt! HAPPY BIRTHDAY! Bleibt gesund!<\/p>\n<p>&#8212; Bibby, Beliza, Belinda, Bacchus (Banio), Baran, Barnabass (Barny) und Boccacio (Cliff) &#8212; ihr bleibt immer in unseren Herzen &#8212;<\/p>\n<p>____________________________________<\/p>\n<p>1. Januar 2016<\/p>\n<p>Wir w\u00fcnschen allen Besuchern unserer Seite \u00a0ein gesundes,\u00a0gl\u00fcckliches und erfolgreiches neues Jahr 2016!<\/p>\n<p><img loading=\"lazy\" decoding=\"async\" class=\"rita-lightbox\" src=\"http:\/\/www.hovawart-vom-wackerbarth.de\/images\/kleeblatt_0030-4.gif\" alt=\"\" width=\"33\" height=\"36\" \/>\u00a0<img loading=\"lazy\" decoding=\"async\" class=\"rita-lightbox\" src=\"http:\/\/www.hovawart-vom-wackerbarth.de\/images\/kleeblatt_0030-4.gif\" alt=\"\" width=\"33\" height=\"36\" \/>\u00a0<img loading=\"lazy\" decoding=\"async\" class=\"rita-lightbox\" src=\"http:\/\/www.hovawart-vom-wackerbarth.de\/images\/kleeblatt_0030-4.gif\" alt=\"\" width=\"33\" height=\"36\" \/>\u00a0<img loading=\"lazy\" decoding=\"async\" class=\"rita-lightbox\" src=\"http:\/\/www.hovawart-vom-wackerbarth.de\/images\/kleeblatt_0030-4.gif\" alt=\"\" width=\"33\" height=\"36\" \/><\/p>\n<p><img loading=\"lazy\" decoding=\"async\" class=\"rita-lightbox\" src=\"http:\/\/www.hovawart-vom-wackerbarth.de\/images\/2016_neujahr.jpg\" alt=\"\" width=\"448\" height=\"274\" \/><\/p>\n","protected":false},"excerpt":{"rendered":"<p>10. Dezember 2016 Earl-Jasper\u00a0hat am 8. und 9. Dezember 2016 die H\u00fcndin\u00a0Belana vom Jagdhausweiher\u00a0im Zwinger\u00a0&#8222;von der Ganerbenstadt&#8220;\u00a0gedeckt! Wir dr\u00fccken f\u00fcr den\u00a0\u00a0A-Wurf\u00a0\u00a0die Daumen f\u00fcr eine gut verlaufende Tr\u00e4chtigkeit und einen quitschlebendigen Wurf kleiner Hovikinder!! Pr\u00fcfungserfolge von Earl-Jasper im November 2016 Datum Verein Leistungsrichter Pr\u00fcfung Ergebnis 5. November 2016 BK J\u00fclich U. Hermann UPr2 73 P. \/ &hellip; <a href=\"https:\/\/www.hovawart-vom-wackerbarth.de\/hovawart\/index.php\/2016\/04\/02\/das-jahr-2016\/\" class=\"more-link\"><span class=\"screen-reader-text\">\u201eDas Jahr 2016\u201c<\/span> weiterlesen<\/a><\/p>\n","protected":false},"author":2,"featured_media":0,"comment_status":"open","ping_status":"open","sticky":false,"template":"","format":"standard","meta":{"footnotes":""},"categories":[8],"tags":[],"class_list":["post-340","post","type-post","status-publish","format-standard","hentry","category-rueckblick-2016"],"_links":{"self":[{"href":"https:\/\/www.hovawart-vom-wackerbarth.de\/hovawart\/index.php\/wp-json\/wp\/v2\/posts\/340","targetHints":{"allow":["GET"]}}],"collection":[{"href":"https:\/\/www.hovawart-vom-wackerbarth.de\/hovawart\/index.php\/wp-json\/wp\/v2\/posts"}],"about":[{"href":"https:\/\/www.hovawart-vom-wackerbarth.de\/hovawart\/index.php\/wp-json\/wp\/v2\/types\/post"}],"author":[{"embeddable":true,"href":"https:\/\/www.hovawart-vom-wackerbarth.de\/hovawart\/index.php\/wp-json\/wp\/v2\/users\/2"}],"replies":[{"embeddable":true,"href":"https:\/\/www.hovawart-vom-wackerbarth.de\/hovawart\/index.php\/wp-json\/wp\/v2\/comments?post=340"}],"version-history":[{"count":1,"href":"https:\/\/www.hovawart-vom-wackerbarth.de\/hovawart\/index.php\/wp-json\/wp\/v2\/posts\/340\/revisions"}],"predecessor-version":[{"id":341,"href":"https:\/\/www.hovawart-vom-wackerbarth.de\/hovawart\/index.php\/wp-json\/wp\/v2\/posts\/340\/revisions\/341"}],"wp:attachment":[{"href":"https:\/\/www.hovawart-vom-wackerbarth.de\/hovawart\/index.php\/wp-json\/wp\/v2\/media?parent=340"}],"wp:term":[{"taxonomy":"category","embeddable":true,"href":"https:\/\/www.hovawart-vom-wackerbarth.de\/hovawart\/index.php\/wp-json\/wp\/v2\/categories?post=340"},{"taxonomy":"post_tag","embeddable":true,"href":"https:\/\/www.hovawart-vom-wackerbarth.de\/hovawart\/index.php\/wp-json\/wp\/v2\/tags?post=340"}],"curies":[{"name":"wp","href":"https:\/\/api.w.org\/{rel}","templated":true}]}}