{"id":337,"date":"2017-04-02T09:34:08","date_gmt":"2017-04-02T07:34:08","guid":{"rendered":"http:\/\/www.hovawart-vom-wackerbarth.de\/hovawart\/?p=337"},"modified":"2022-04-02T09:54:59","modified_gmt":"2022-04-02T07:54:59","slug":"das-jahr-2017","status":"publish","type":"post","link":"https:\/\/www.hovawart-vom-wackerbarth.de\/hovawart\/index.php\/2017\/04\/02\/das-jahr-2017\/","title":{"rendered":"Das Jahr 2017"},"content":{"rendered":"<p>19.November 2017<\/p>\n<p>Wir gratulieren Earl-Jasper und Ragna, die heute die IPO2 mit 256 Punkten (TSB a) beim SV, OG Bonn-Buschdorf, Richter: Herr Helmut Nie\u00dfen, bestanden haben!<\/p>\n<p>12. November 2017 &#8211;\u00a0World Dog Show 2017\u00a0in Leipzig<\/p>\n<p>Heute war ein ganz besonderer Tag! Ich war mit Emmi-Lou in Leipzig zur World Dog Show. Dort trafen wir viele liebe Hundefreunde und tolle Hunde! 100 Hovawarte waren gemeldet. Emmi-Lou startete in der Champion-Klasse mit 8 weiteren H\u00fcndinnen. Emmi-Lou erhielt das\u00a0Pr\u00e4dikat vorz\u00fcglich 1! Damit hatte sie schon f\u00fcr mich das beste Ergebnis auf dieser Show erreicht. Aber es kam noch besser: sie wurde vom Schaurichter zur\u00a0sch\u00f6nsten H\u00fcndin\u00a0auserw\u00e4hlt und errang im Lauf mit dem sch\u00f6nsten R\u00fcden das\u00a0BOB!!! Ein Traum, von dem ich nicht zu tr\u00e4umen gewagt habe, war zur Wirklichkeit geworden! Meine Emmi-Maus&#8230;.. \u00a0Das gibt es nur einmal im Leben! Diesen Tag werde ich nie vergessen!\u00a0Emmi-Lou durfte dann noch im Ehrenring bei zwei Vorf\u00fchrungen (&#8222;Best of day german breeds&#8220; und &#8222;Best in show der FCI-Gruppe2&#8220;) unsere sch\u00f6ne Rasse vorstellen. Es war ein wirklich toller Tag!<\/p>\n<p><img loading=\"lazy\" decoding=\"async\" class=\"rita-lightbox\" src=\"http:\/\/www.hovawart-vom-wackerbarth.de\/images\/emmi_lou%20(2)-2.jpg\" alt=\"\" width=\"126\" height=\"224\" \/>\u00a0<img loading=\"lazy\" decoding=\"async\" class=\"rita-lightbox\" src=\"http:\/\/www.hovawart-vom-wackerbarth.de\/images\/20171113_073846%20(2).jpg\" alt=\"\" width=\"100\" height=\"134\" \/><\/p>\n<p>27. Oktober 2017<\/p>\n<p>Earl-Jasper\u00a0wurde am 27.10.2017 der Titel\u00a0&#8222;Internationaler Champion&#8220;\u00a0verliehen! Wir gratulieren ganz herzlich!!<\/p>\n<p>21.\/22. Oktober 2017<\/p>\n<h2 class=\"node__title\"><a href=\"http:\/\/www.hovawart.org\/deutsche-meisterschaft-ipo-fh-2017\" rel=\"bookmark\"><span class=\"field field--name-title field--type-string field--label-hidden\">Deutsche Meisterschaft IPO-FH 2017 !<\/span><\/a><\/h2>\n<p>Earl-Jasper startet zur FH-DM in Gedern und erreicht mit einer Gesamtpunktzahl von 181 Punkten einen hervorragenden 4. Platz von insgesamt 20 gestarteten Hovawarten!!!! Eine ganz tolle Leistung von Jasper und nat\u00fcrlich auch von Ragna \ud83d\ude09 \u00a0 \u00a0Wir gratulieren zu diesem klasse Erfolg!!<\/p>\n<p>18. Oktober 2017<\/p>\n<p>Heute wird unser D-Wurf 9 Jahre alt!! Herzliche Gl\u00fcckw\u00fcnsche an die D-lies, alles alles Gute f\u00fcr Euch! Bleibt gesund und habt noch viel Freude und Spass in Euren Familien!!!<\/p>\n<p><img loading=\"lazy\" decoding=\"async\" class=\"rita-lightbox\" src=\"http:\/\/www.hovawart-vom-wackerbarth.de\/images\/kleeblatt_0030-11.gif\" alt=\"\" width=\"33\" height=\"36\" \/>\u00a0<img loading=\"lazy\" decoding=\"async\" class=\"rita-lightbox\" src=\"http:\/\/www.hovawart-vom-wackerbarth.de\/images\/kleeblatt_0030-11.gif\" alt=\"\" width=\"33\" height=\"36\" \/>\u00a0<img loading=\"lazy\" decoding=\"async\" class=\"rita-lightbox\" src=\"http:\/\/www.hovawart-vom-wackerbarth.de\/images\/kleeblatt_0030-11.gif\" alt=\"\" width=\"33\" height=\"36\" \/><\/p>\n<p>19. August 2017<\/p>\n<p>Wir waren mit Erick in Gierst\u00e4dt zur CAC. Erick belegte in der offenen Klasse R\u00fcden den 4. Platz! Ein sehr sch\u00f6ner Erfolg f\u00fcr Erick und f\u00fcr uns!<\/p>\n<p><img loading=\"lazy\" decoding=\"async\" class=\"rita-lightbox\" src=\"http:\/\/www.hovawart-vom-wackerbarth.de\/images\/erick_gierstaedt_1.jpg\" alt=\"\" width=\"133\" height=\"169\" \/><\/p>\n<p>13. Juli 2017<\/p>\n<p>Am 13.07.2017 wurde Earl-Jasper vom VDH das Pr\u00e4dikat &#8222;Dt. Champion (VDH)&#8220; zuerkannt! Wir gratulieren Euch Beiden ganz herzlich zu diesem sch\u00f6nen Titel!<\/p>\n<p>9. Juli 2017<\/p>\n<p>Emmi-Lou\u00a0erhielt zur Landessiegerzuchtschau der LG S\u00fcd in Seifertshain das Pr\u00e4dikat V1, wurde Landessiegerin und errang im Stechen gegen den sch\u00f6nsten R\u00fcden das BOB! Ein super Erfolg f\u00fcr meine Emmi, sie hat das ganz klasse gemacht!<\/p>\n<p>1. Juli 2017<\/p>\n<p>Am 01.07.2017 bei der Internationalen Ausstellung in den Niederlanden erhielt Earl-Jasper wieder ein sch\u00f6nes V1, errang das CACIB und wurde BOB! Unsere herzlichsten Gl\u00fcckw\u00fcnsche zu diesen klasse Erfolgen! Wir sind sehr stolz auf Euch!<\/p>\n<p>29. Juni 2017<\/p>\n<p>Earl-Jasper darf sich seit heute &#8222;Dt. Champion (RZV)&#8220; nennen. Herzlichen Gl\u00fcckwunsch zu diesem Titel!<\/p>\n<p>25. Juni 2017<\/p>\n<p>Zur Clubsiegerschau des RZV am 25.06.2017 in Sindsheim wurde Earl-Jasper mit einem tollen V1 bewertet.<\/p>\n<p>23. Juni 2017 \u00a0\u00a0HAPPY BIRTHDAY !<\/p>\n<p>Heute wird unser\u00a0C-Wurf 12 Jahre\u00a0alt!!! Die Zeit vergeht doch wie im Flug! Herzlichen Gl\u00fcckwunsch!!! Bleibt vorallem gesund und macht Euren Herrchen und Frauchen noch viel viel Freude!\u00a0Christa\u00a0gr\u00fc\u00dft von hier ihre Geschwister!!<\/p>\n<p>13. Mai 2017<\/p>\n<p>Earl-Jasper\u00a0hat Nachwuchs (mit Jais des Leus Altiers) in Frankreich. Am 13. Mai wurden im Hovawartzwinger\u00a0&#8222;des Leus Altiers&#8220;\u00a08 kleine Hovikinder geboren. Auch in diesem Wurf sind wieder alle 3 Farbschl\u00e4ge vertreten. Hier die Aufteilung: 5 R\u00fcden (1x blond \/ 1 x schwarzmarken \/ 3 x schwarz) und 3 H\u00fcndinnen (2 x blond \u00a0\/ 1 x schwarz). Viele liebe Gr\u00fc\u00dfe an die Z\u00fcchterin Katerine Welffens und wir w\u00fcnschen eine gesunde Aufzucht und viel Freude mit den kleinen Fellnasen!!<\/p>\n<p>18. M\u00e4rz 2017<\/p>\n<p>Wie schnell doch die Zeit vergeht &#8211; unser E-Wurf wird heute schon 4 Jahre alt!! Alles alles Gute w\u00fcnschen wir Euch, Earl-Jasper &#8211; Erwin &#8211; Elida &#8211; Erick &#8211; Emmi-Lou! Bleibt alle gesund, machte Euren Familien weiter Freude und Spa\u00df und la\u00dft Euch heute besonders verw\u00f6hnen ;-))<\/p>\n<p><img loading=\"lazy\" decoding=\"async\" class=\"rita-lightbox\" src=\"http:\/\/www.hovawart-vom-wackerbarth.de\/images\/kleeblatt_0030-9.gif\" alt=\"\" width=\"28\" height=\"30\" \/>\u00a0<img loading=\"lazy\" decoding=\"async\" class=\"rita-lightbox\" src=\"http:\/\/www.hovawart-vom-wackerbarth.de\/images\/kleeblatt_0030-9.gif\" alt=\"\" width=\"28\" height=\"30\" \/>\u00a0<img loading=\"lazy\" decoding=\"async\" class=\"rita-lightbox\" src=\"http:\/\/www.hovawart-vom-wackerbarth.de\/images\/kleeblatt_0030-9.gif\" alt=\"\" width=\"28\" height=\"30\" \/>HAPPY BIRTHDAY !!\u00a0<img loading=\"lazy\" decoding=\"async\" class=\"rita-lightbox\" src=\"http:\/\/www.hovawart-vom-wackerbarth.de\/images\/kleeblatt_0030-9.gif\" alt=\"\" width=\"28\" height=\"30\" \/>\u00a0<img loading=\"lazy\" decoding=\"async\" class=\"rita-lightbox\" src=\"http:\/\/www.hovawart-vom-wackerbarth.de\/images\/kleeblatt_0030-9.gif\" alt=\"\" width=\"28\" height=\"30\" \/>\u00a0<img loading=\"lazy\" decoding=\"async\" class=\"rita-lightbox\" src=\"http:\/\/www.hovawart-vom-wackerbarth.de\/images\/kleeblatt_0030-9.gif\" alt=\"\" width=\"28\" height=\"30\" \/><\/p>\n<p>9. Februar 2017<\/p>\n<p>Earl-Jaspers\u00a0Nachwuchs ist heute geboren! In der Wurfkiste von Belana wuseln 7 Welpen: 1 schwarzmarkener und 2 blonde R\u00fcden sowie 2 schwarze und 2 blonde H\u00fcndinnen!! Viele liebe Gr\u00fc\u00dfe und Gl\u00fcckw\u00fcnsche in die Wurfkiste und an die Z\u00fcchter! Viel Freude bei der Aufzucht des A-Wurfes &#8222;von der Ganerbenstadt&#8220;!<\/p>\n<p>19. Januar 2017<\/p>\n<p>Beluga\u00a0feiert heute ihren 14. Geburtstag!!!<\/p>\n<p>Sie hat heute ihre Lieblingsdessert (Quark\/Honig\/Haferflocken) bekommen und Frauchen und Herrchen von Beluga freuen sich \u00fcber jeden Tag mit ihrem &#8222;M\u00e4dchen&#8220;. \u00a0Sie geht liebend gerne in den nahen Wald und \u00fcbersch\u00e4tzt sich oft&#8230;.vergi\u00dft ihr Alter :-))<\/p>\n<p>Alles Liebe und Gute Beluga, ich w\u00fcnsche Dir weiter eine sch\u00f6ne und noch m\u00f6glichst lange Zeit in Deinem Rudel! Bleib gesund und fit! Und ein gro\u00dfes Dankesch\u00f6n an Ines und Andreas!<\/p>\n<p><img loading=\"lazy\" decoding=\"async\" class=\"rita-lightbox\" src=\"http:\/\/www.hovawart-vom-wackerbarth.de\/images\/beluga_1-3.jpg\" alt=\"\" width=\"264\" height=\"172\" \/>\u00a0<img loading=\"lazy\" decoding=\"async\" class=\"rita-lightbox\" src=\"http:\/\/www.hovawart-vom-wackerbarth.de\/images\/beluga_2-3.jpg\" alt=\"\" width=\"248\" height=\"173\" \/><\/p>\n","protected":false},"excerpt":{"rendered":"<p>19.November 2017 Wir gratulieren Earl-Jasper und Ragna, die heute die IPO2 mit 256 Punkten (TSB a) beim SV, OG Bonn-Buschdorf, Richter: Herr Helmut Nie\u00dfen, bestanden haben! 12. November 2017 &#8211;\u00a0World Dog Show 2017\u00a0in Leipzig Heute war ein ganz besonderer Tag! Ich war mit Emmi-Lou in Leipzig zur World Dog Show. Dort trafen wir viele liebe &hellip; <a href=\"https:\/\/www.hovawart-vom-wackerbarth.de\/hovawart\/index.php\/2017\/04\/02\/das-jahr-2017\/\" class=\"more-link\"><span class=\"screen-reader-text\">\u201eDas Jahr 2017\u201c<\/span> weiterlesen<\/a><\/p>\n","protected":false},"author":2,"featured_media":0,"comment_status":"open","ping_status":"open","sticky":false,"template":"","format":"standard","meta":{"footnotes":""},"categories":[7],"tags":[],"class_list":["post-337","post","type-post","status-publish","format-standard","hentry","category-rueckblick-2017"],"_links":{"self":[{"href":"https:\/\/www.hovawart-vom-wackerbarth.de\/hovawart\/index.php\/wp-json\/wp\/v2\/posts\/337","targetHints":{"allow":["GET"]}}],"collection":[{"href":"https:\/\/www.hovawart-vom-wackerbarth.de\/hovawart\/index.php\/wp-json\/wp\/v2\/posts"}],"about":[{"href":"https:\/\/www.hovawart-vom-wackerbarth.de\/hovawart\/index.php\/wp-json\/wp\/v2\/types\/post"}],"author":[{"embeddable":true,"href":"https:\/\/www.hovawart-vom-wackerbarth.de\/hovawart\/index.php\/wp-json\/wp\/v2\/users\/2"}],"replies":[{"embeddable":true,"href":"https:\/\/www.hovawart-vom-wackerbarth.de\/hovawart\/index.php\/wp-json\/wp\/v2\/comments?post=337"}],"version-history":[{"count":1,"href":"https:\/\/www.hovawart-vom-wackerbarth.de\/hovawart\/index.php\/wp-json\/wp\/v2\/posts\/337\/revisions"}],"predecessor-version":[{"id":338,"href":"https:\/\/www.hovawart-vom-wackerbarth.de\/hovawart\/index.php\/wp-json\/wp\/v2\/posts\/337\/revisions\/338"}],"wp:attachment":[{"href":"https:\/\/www.hovawart-vom-wackerbarth.de\/hovawart\/index.php\/wp-json\/wp\/v2\/media?parent=337"}],"wp:term":[{"taxonomy":"category","embeddable":true,"href":"https:\/\/www.hovawart-vom-wackerbarth.de\/hovawart\/index.php\/wp-json\/wp\/v2\/categories?post=337"},{"taxonomy":"post_tag","embeddable":true,"href":"https:\/\/www.hovawart-vom-wackerbarth.de\/hovawart\/index.php\/wp-json\/wp\/v2\/tags?post=337"}],"curies":[{"name":"wp","href":"https:\/\/api.w.org\/{rel}","templated":true}]}}