{"id":292,"date":"2019-03-26T09:54:48","date_gmt":"2019-03-26T08:54:48","guid":{"rendered":"http:\/\/www.hovawart-vom-wackerbarth.de\/hovawart\/?p=292"},"modified":"2022-04-02T09:55:18","modified_gmt":"2022-04-02T07:55:18","slug":"rueckblick-2019","status":"publish","type":"post","link":"https:\/\/www.hovawart-vom-wackerbarth.de\/hovawart\/index.php\/2019\/03\/26\/rueckblick-2019\/","title":{"rendered":"R\u00fcckblick 2019"},"content":{"rendered":"<p>30. Oktober 2019<\/p>\n<p>Heute hat Earl-Jasper die H\u00fcndin Cello vom K\u00f6nigs-Hof gedeckt! Wir dr\u00fccken die Daumen, dass Cello aufgenommen hat und w\u00fcnschen von Herzen eine gut verlaufende Tr\u00e4chtigkeit!<\/p>\n<p>19.\/20. Oktober 2019<\/p>\n<p>Earl-Jasper ist zum 4. Mal bei der Deutschen Meisterschaft f\u00fcr F\u00e4hrtenhunde des RZV gestartet und war wieder erfolgreich. Mit einer Gesamtpunktzahl von 176 P. mit dem Pr\u00e4dikat gut erreichte er den 7. Platz! Herzlichen Gl\u00fcckwunsch an Ragna mit Jasper, wir sind megastolz auf Euch Zwei!!!<\/p>\n<p>18. Oktober 2019<\/p>\n<p>Die\u00a0D-lies\u00a0haben heute ihren\u00a011. Geburtstag! Alles Liebe und Gute f\u00fcr Euch, habt noch m\u00f6glichst lange ein sch\u00f6nes Leben in Euren Familien !<\/p>\n<p>28. September 2019<\/p>\n<p>Das Warten hat ein Ende! Emmi hat heute 8 kleinen Hovidamen das Leben geschenkt. Wir freuen uns riesig \u00fcber 5 blonde und 3 schwarzmarkene M\u00e4dels! Erste Fotos und weitere Infos unter\u00a0<a href=\"http:\/\/www.hovawart-vom-wackerbarth.de\/zucht\/f-wurf\/tagebuch-f-wurf.html\">F-Wurf \/Tagebuch F-Wurf<\/a><\/p>\n<p>23. September 2019<\/p>\n<p>Die 9. Tr\u00e4chtigkeitswoche hat begonnen, die Zielgerade ist erreicht! Emmi ist tiefenentspannt, es geht ihr gut. Der Hunger ist immer noch gro\u00df und sie ist \u00fcber jede Mahlzeit hocherfreut ;-)) \u00a0Sie wird immer runder, ab und zu schnauft sie tief. \u00a0Sie tr\u00e4gt doch etwas schwer, aber die Gassirunde wird fr\u00f6hlich gewandert. Die L\u00e4nge darf sie jetzt selbst bestimmen. Sie geniest jede Streichel- und Kuscheleinheit sehr! \u00a0Die Spannung steigt &#8211; die letzte Woche &#8230; \ud83d\ude42 Wir sind gespannt, wann Emmi ihr Geheimnis l\u00fcftet&#8230;.<\/p>\n<p>16. September 2019<\/p>\n<p>Die 8. Tr\u00e4chtigkeitswoche ist erreicht \ud83d\ude42 \u00a0Emmi ist guter Dinge &#8211; sie findet es super, dass sie nun mehrere kleinere Mahlzeiten am Tag futtern kann! \u00a0Heute habe ich ein paar zarte Welpenbewegungen in ihrem B\u00e4uchlein gesp\u00fcrt &#8211; einfach sch\u00f6n! Mit ihrem Ball fordert sie aber noch gern ein paar Spieleinheiten ein, aber mehr und mehr relaxt sie \u00a0lieber im Haus oder im Garten in der Herbstsonne. Sie ist sehr anh\u00e4nglich geworden und schmust jetzt noch mehr als vor ihrer Schwangerschaft!<\/p>\n<p><img loading=\"lazy\" decoding=\"async\" class=\"rita-lightbox\" src=\"http:\/\/www.hovawart-vom-wackerbarth.de\/images\/woche_8_1.jpg\" alt=\"\" width=\"355\" height=\"288\" \/><\/p>\n<p>10. September 2019<\/p>\n<p>Die 7. Woche hat begonnen und \u00a0die Wurfkiste wurde heute f\u00fcr Emmi aufgebaut. Emmi war sehr interessiert, was da passiert ;-). Und mu\u00dfte dann nat\u00fcrlich gleich mal probieren, wie es sich drin liegt.<\/p>\n<p><img loading=\"lazy\" decoding=\"async\" class=\"rita-lightbox\" src=\"http:\/\/www.hovawart-vom-wackerbarth.de\/images\/WK_emmi.jpg\" alt=\"\" width=\"218\" height=\"147\" \/><\/p>\n<p>Und in der Nacht hat sie zeitweise darin geschlafen. Das freut mich sehr, also findet sie sie gut so wie sie ist. Emmi bekommt langsam ein B\u00e4uchlein hinter der Taille und sie hat sooo einen gro\u00dfen Appetit &#8230; Trotzdem m\u00fcssen wir aufpassen, da\u00df sie nicht zu dick wird. Sonst hat sie es bei der Geburt nur unn\u00f6tig schwer. Gem\u00e4\u00dfigtes Rumtollen mit Erick macht ihr nach wie vor viel Spa\u00df. Eins ist aber doch schon anders geworden &#8211; wenn jemand am Grundst\u00fcck vorbeikommt, der &#8222;gemeldet werden mu\u00df&#8220;, dann l\u00e4\u00dft sie Erick allein agieren. Das w\u00e4re vor ihrer Tr\u00e4chtigkeit nie passiert&#8230;.. Unsere Spazierg\u00e4nge haben noch die gewohnte L\u00e4nge und wenn eine Katze in Reichweite ist, dann wird immer noch der Turbo angeknipst :-))) \u00a0Und es sind nur noch reichlich 2 Wochen bis zum errechneten Geburtstermin, die Zeit vergeht so schnell!<\/p>\n<p>26. August 2019<\/p>\n<p>Heute war Ultraschalltermin bei unserem Tierarzt und wir konnten schon mehrere kleine Welpis in Emmi&#8217;s B\u00e4uchlein bestaunen. Wir freuen uns riesig und gr\u00fc\u00dfen auf diesem Wege den zuk\u00fcnftigen Papa Gero und sein Frauchen Birgit ganz herzlich! \u00a0Nun hoffen wir auf eine weiter gut verlaufende \u00a0Tr\u00e4chtigkeit und eine ebensolche Geburt.<\/p>\n<p><img loading=\"lazy\" decoding=\"async\" class=\"rita-lightbox\" src=\"http:\/\/www.hovawart-vom-wackerbarth.de\/images\/US_1.jpg\" alt=\"\" width=\"210\" height=\"168\" \/><\/p>\n<p>28. Juli 2019<\/p>\n<p>Am 28.07. wurde Emmi-Lou von Gero Hovi-raj gedeckt. Der h\u00fcbsche Gero und mein &#8222;Blondie&#8220; waren sich gleich sympathsich und der Deckakt verlief ohne Probleme. Nun hei\u00dft es warten bis zum Ultraschall&#8230;.<\/p>\n<p>18. M\u00e4rz 2019<\/p>\n<p>Heute feiern unsere F\u00fcnflinge Earl-Jasper, Erwin, Erick, Elida und Emmi-Lou schon ihren 6. Geburtstag!! Alles Liebe und Gute f\u00fcr Euch, bleibt weiter gesund und la\u00dft Euch heute besonders feiern!<\/p>\n<p>17. M\u00e4rz 2019<\/p>\n<p>Earl-Jasper ist heute beim BK, Gruppe D\u00fcren, seine erste IFH2 in diesen Jahr gelaufen und hat mit 99 Punkten eine vorz\u00fcgliche Leistung gezeigt! Herzliche Gl\u00fcckw\u00fcnsche!!!<\/p>\n<p>17. Januar 2019<\/p>\n<p>Heute hat uns unsere\u00a0<a href=\"http:\/\/www.hovawart-vom-wackerbarth.de\/regenbogenbrucke\/christa.html\">Christa<\/a>\u00a0f\u00fcr immer verlassen. Sie hat mich 13 Jahre und fast 7 Monate begleitet. Ich bin sehr dankbar f\u00fcr diese wundersch\u00f6ne Zeit mit ihr! Sie fehlt uns allen sehr.<\/p>\n","protected":false},"excerpt":{"rendered":"<p>30. Oktober 2019 Heute hat Earl-Jasper die H\u00fcndin Cello vom K\u00f6nigs-Hof gedeckt! Wir dr\u00fccken die Daumen, dass Cello aufgenommen hat und w\u00fcnschen von Herzen eine gut verlaufende Tr\u00e4chtigkeit! 19.\/20. Oktober 2019 Earl-Jasper ist zum 4. Mal bei der Deutschen Meisterschaft f\u00fcr F\u00e4hrtenhunde des RZV gestartet und war wieder erfolgreich. Mit einer Gesamtpunktzahl von 176 P. &hellip; <a href=\"https:\/\/www.hovawart-vom-wackerbarth.de\/hovawart\/index.php\/2019\/03\/26\/rueckblick-2019\/\" class=\"more-link\"><span class=\"screen-reader-text\">\u201eR\u00fcckblick 2019\u201c<\/span> weiterlesen<\/a><\/p>\n","protected":false},"author":2,"featured_media":0,"comment_status":"open","ping_status":"open","sticky":false,"template":"","format":"standard","meta":{"footnotes":""},"categories":[5],"tags":[],"class_list":["post-292","post","type-post","status-publish","format-standard","hentry","category-rueckblick-2019"],"_links":{"self":[{"href":"https:\/\/www.hovawart-vom-wackerbarth.de\/hovawart\/index.php\/wp-json\/wp\/v2\/posts\/292","targetHints":{"allow":["GET"]}}],"collection":[{"href":"https:\/\/www.hovawart-vom-wackerbarth.de\/hovawart\/index.php\/wp-json\/wp\/v2\/posts"}],"about":[{"href":"https:\/\/www.hovawart-vom-wackerbarth.de\/hovawart\/index.php\/wp-json\/wp\/v2\/types\/post"}],"author":[{"embeddable":true,"href":"https:\/\/www.hovawart-vom-wackerbarth.de\/hovawart\/index.php\/wp-json\/wp\/v2\/users\/2"}],"replies":[{"embeddable":true,"href":"https:\/\/www.hovawart-vom-wackerbarth.de\/hovawart\/index.php\/wp-json\/wp\/v2\/comments?post=292"}],"version-history":[{"count":1,"href":"https:\/\/www.hovawart-vom-wackerbarth.de\/hovawart\/index.php\/wp-json\/wp\/v2\/posts\/292\/revisions"}],"predecessor-version":[{"id":293,"href":"https:\/\/www.hovawart-vom-wackerbarth.de\/hovawart\/index.php\/wp-json\/wp\/v2\/posts\/292\/revisions\/293"}],"wp:attachment":[{"href":"https:\/\/www.hovawart-vom-wackerbarth.de\/hovawart\/index.php\/wp-json\/wp\/v2\/media?parent=292"}],"wp:term":[{"taxonomy":"category","embeddable":true,"href":"https:\/\/www.hovawart-vom-wackerbarth.de\/hovawart\/index.php\/wp-json\/wp\/v2\/categories?post=292"},{"taxonomy":"post_tag","embeddable":true,"href":"https:\/\/www.hovawart-vom-wackerbarth.de\/hovawart\/index.php\/wp-json\/wp\/v2\/tags?post=292"}],"curies":[{"name":"wp","href":"https:\/\/api.w.org\/{rel}","templated":true}]}}